{"id":17537,"date":"2024-10-30T16:26:55","date_gmt":"2024-10-30T14:26:55","guid":{"rendered":"https:\/\/eurolingva.ro\/conferinta-ro-hu-21-22-septembrie-2024\/"},"modified":"2024-10-31T09:49:31","modified_gmt":"2024-10-31T07:49:31","slug":"conferinta-ro-hu-21-22-septembrie-2024","status":"publish","type":"post","link":"https:\/\/eurolingva.ro\/en\/conferinta-ro-hu-21-22-septembrie-2024\/","title":{"rendered":"Conferin\u021ba Ro-HU | 21-22 Septembrie 2024"},"content":{"rendered":"<p>[vc_row full_width=&#8221;stretch_row&#8221; css=&#8221;.vc_custom_1565078153627{background-color: #f1f1f1 !important;}&#8221;][vc_column css=&#8221;.vc_custom_1547458347958{padding-top: 0px !important;}&#8221;][vc_row_inner el_class=&#8221;inner-wrap&#8221;][vc_column_inner css=&#8221;.vc_custom_1547458132343{padding-top: 10px !important;padding-bottom: 10px !important;}&#8221;][vc_column_text css=&#8221;.vc_custom_1547731042500{margin-bottom: 0px !important;}&#8221; el_class=&#8221;breadcrumb&#8221;]<a href=\"\/\">Home<\/a> \/ Conferin\u021ba Ro-HU | 21-22 Septembrie 2024[\/vc_column_text][\/vc_column_inner][\/vc_row_inner][\/vc_column][\/vc_row][vc_row full_width=&#8221;stretch_row&#8221; css=&#8221;.vc_custom_1566392016419{background-image: url(https:\/\/eurolingva.ro\/wp-content\/uploads\/2019\/08\/HeadeiImage_Noutati.jpg?id=4010) !important;background-position: center !important;background-repeat: no-repeat !important;background-size: cover !important;}&#8221; el_class=&#8221;hero-inner-pages&#8221;][vc_column css=&#8221;.vc_custom_1547458410996{padding-top: 0px !important;}&#8221;][vc_row_inner content_placement=&#8221;middle&#8221; el_class=&#8221;inner-wrap&#8221;][vc_column_inner el_class=&#8221;inner-wrap&#8221; css=&#8221;.vc_custom_1547458270437{padding-top: 110px !important;padding-bottom: 110px !important;}&#8221;][vc_column_text css=&#8221;.vc_custom_1662031068023{margin-bottom: 0px !important;padding-bottom: 15px !important;}&#8221;]<\/p>\n<h2 class=\"inner-page-hero-title\">News and events<br \/>\nEurolingva Examinations Centre<\/h2>\n<p>[\/vc_column_text][\/vc_column_inner][\/vc_row_inner][\/vc_column][\/vc_row][vc_row][vc_column css=&#8221;.vc_custom_1547459569355{padding-top: 0px !important;}&#8221;][vc_custom_heading source=&#8221;post_title&#8221; use_theme_fonts=&#8221;yes&#8221; el_class=&#8221;exam-category-title&#8221;][\/vc_column][\/vc_row][vc_row][vc_column][vc_row_inner el_class=&#8221;mobile-reverse-sidebar&#8221;][vc_column_inner width=&#8221;1\/3&#8243;][vc_widget_sidebar sidebar_id=&#8221;sidebar-7&#8243;][vc_widget_sidebar sidebar_id=&#8221;sidebar-9&#8243;][vc_widget_sidebar sidebar_id=&#8221;sidebar-8&#8243;][\/vc_column_inner][vc_column_inner el_class=&#8221;news-details-page-container&#8221; width=&#8221;2\/3&#8243;][vc_column_text]<img loading=\"lazy\" decoding=\"async\" class=\"alignright wp-image-17532 size-medium\" src=\"https:\/\/eurolingva.ro\/wp-content\/uploads\/2024\/10\/IMG_0740-1024px-300x200.jpg\" alt=\"IMG_0740 1024px\" width=\"300\" height=\"200\" srcset=\"https:\/\/eurolingva.ro\/wp-content\/uploads\/2024\/10\/IMG_0740-1024px-300x200.jpg 300w, https:\/\/eurolingva.ro\/wp-content\/uploads\/2024\/10\/IMG_0740-1024px-768x512.jpg 768w, https:\/\/eurolingva.ro\/wp-content\/uploads\/2024\/10\/IMG_0740-1024px-600x400.jpg 600w, https:\/\/eurolingva.ro\/wp-content\/uploads\/2024\/10\/IMG_0740-1024px.jpg 1024w\" sizes=\"auto, (max-width: 300px) 100vw, 300px\" \/>Vremurile \u00een care tr\u0103im ne dau de multe ori senza\u021bia c\u0103 timpul se scurge mult prea repede, dar exist\u0103, din fericire, \u0219i momente c\u00e2nd ne oprim din aceast\u0103 goan\u0103 imprecis\u0103 \u0219i facem lucrurile pu\u021bin diferit, pu\u021bin mai \u00een tihn\u0103, pu\u021bin mai cu rost. \u00cen acest spirit al tihnei \u0219i rostului s-a n\u0103scut \u0219i ideea conferin\u021belor organizate de Eurolingva \u00eempreun\u0103 cu Universitatea Cre\u0219tin\u0103 Partium din Oradea. Conferin\u021ba care a avut loc anul acesta \u00een 21-22 septembrie a reunit oameni care \u00eemp\u0103rt\u0103\u0219esc acelea\u0219i pasiuni: educa\u021bia \u0219i limba englez\u0103. Scopul unor astfel de \u00eent\u00e2lniri transcende \u00eemp\u0103rt\u0103\u0219irea de informa\u021bii, oric\u00e2t de valoroase ar fi acestea pentru participan\u021bi. Menirea suprem\u0103 este de a crea leg\u0103turi \u00eentre oameni, de a pune \u00een dialog opinii \u0219i de a da na\u0219tere unor idei inovatoare.[\/vc_column_text][vc_column_text]Astfel, pe parcursul celor dou\u0103 zile, participan\u021bi din \u00eentreaga \u021bar\u0103 au avut ocazia s\u0103 asculte \u0219i s\u0103 interac\u021bioneze cu speciali\u0219ti din domeniul lor de interes. Prima zi a reunit 5 sesiuni plenare, fiecare abord\u00e2nd perspective \u0219i fa\u021bete diferite ale pred\u0103rii limbii engleze ca limb\u0103 str\u0103in\u0103. Dup\u0103 cuv\u00e2ntul de bun venit adresat participan\u021bilor de c\u0103tre doamna profesor Dr. B\u00f6k\u00f6s Borb\u00e1la, decanul Facult\u0103\u021bii de Litere \u0219i Arte a Universit\u0103\u021bii Cre\u0219tine Partium din Oradea, a urmat o prezentare interactiv\u0103 sus\u021binut\u0103 de carismaticul Jim Fuller, profesor \u0219i instructor afiliat al Cambridge University Press and Assessment. Jim a vorbit despre metode \u0219i tehnici de dezvoltare a abilit\u0103\u021bilor de scriere, eviden\u021biind importan\u021ba actului de comunicare eficient\u0103 nu doar \u00een exprimarea oral\u0103, ci \u0219i \u00een cea scris\u0103. Implicarea activ\u0103 a participan\u021bilor la exerci\u021biile propuse de lectori i-a ajutat pe ace\u0219tia s\u0103 identifice mai u\u0219or provoc\u0103rile cu care se confrunt\u0103, cu siguran\u021b\u0103, \u0219i elevii \u0219i studen\u021bii din ziua de azi. Cunosc\u00e2nd aceste provoc\u0103ri, profesorii pot s\u0103 \u00ee\u0219i adapteze mai eficient metodele de predare \u0219i de evaluare. Cu siguran\u021b\u0103, fiecare a plecat de la aceast\u0103 \u00eent\u00e2lnire cu cel pu\u021bin o idee pe care s\u0103 o poat\u0103 implementa \u00een practica didactic\u0103.[\/vc_column_text][vc_column_text]<img loading=\"lazy\" decoding=\"async\" class=\"alignleft wp-image-17528 size-medium\" src=\"https:\/\/eurolingva.ro\/wp-content\/uploads\/2024\/10\/IMG_0734-1024px-300x200.jpg\" alt=\"IMG_0734 1024px\" width=\"300\" height=\"200\" srcset=\"https:\/\/eurolingva.ro\/wp-content\/uploads\/2024\/10\/IMG_0734-1024px-300x200.jpg 300w, https:\/\/eurolingva.ro\/wp-content\/uploads\/2024\/10\/IMG_0734-1024px-768x512.jpg 768w, https:\/\/eurolingva.ro\/wp-content\/uploads\/2024\/10\/IMG_0734-1024px-600x400.jpg 600w, https:\/\/eurolingva.ro\/wp-content\/uploads\/2024\/10\/IMG_0734-1024px.jpg 1024w\" sizes=\"auto, (max-width: 300px) 100vw, 300px\" \/>Ritmul alert impus de prima prezentare a fost temperat de fascinanta prezentare a Stefaniei Ballotto. Stefania pred\u0103 la Universitatea din Udine, Italia, \u0219i este lector Pilgrims de peste 40 de ani, av\u00e2nd astfel o carier\u0103 impresionant\u0103 nu doar ca profesor, ci \u0219i ca instructor pentru profesori. Prelegerea ei, intitulat\u0103 \u201eCum r\u0103m\u00e2ne cu noi, profesorii? \u2013 Metode de a evita burnout-ul\u201d, a oferit participan\u021bilor un adev\u0103rat \u201ekit de supravie\u021buire\u201d pentru noul an \u0219colar. Am \u00eenv\u0103\u021bat de la Stefania c\u0103 bun\u0103starea personal\u0103 a profesorilor este cel pu\u021bin la fel de important\u0103 ca cea a cursan\u021bilor no\u0219tri \u0219i c\u0103 aceasta se reflect\u0103 \u00een rezultatele acestora din urm\u0103. Astfel, dezvoltarea competen\u021belor lingvistice devine mai prolific\u0103 \u00eentr-un mediu de \u00eenv\u0103\u021bare \u00een care nu doar elevii, ci \u0219i profesorii se simt relaxa\u021bi. Stima de sine, \u00eemplinirea personal\u0103 \u0219i profesional\u0103 sunt repere la care ar trebui s\u0103 se raporteze fiecare profesor care \u00ee\u0219i dore\u0219te s\u0103 progreseze \u0219i, implicit, s\u0103 le insufle \u0219i elevilor interesul pentru propriul proces de dezvoltare personal\u0103 \u0219i intelectual\u0103.<\/p>\n<p>[\/vc_column_text][vc_column_text]Urm\u0103toarea prezentare a fost sus\u021binut\u0103 de Aniella Georgiana Bu\u0219il\u0103, reprezentant al Cambridge University Press and Assessment \u00een Rom\u00e2nia. Cu o vast\u0103 experien\u021b\u0103 at\u00e2t \u00een preg\u0103tirea elevilor, c\u00e2t \u0219i a profesorilor pentru toate categoriile de examene \u0219i calific\u0103ri Cambridge, Aniella a participat la numeroase evenimente din Rom\u00e2nia \u0219i Republica Moldova. La conferin\u021ba din Oradea, Aniella ne-a oferit cele mai recente informa\u021bii despre examenele Cambridge, despre recunoa\u0219terea acestora la nivel na\u021bional \u0219i interna\u021bional \u0219i ne-a prezentat cele mai noi resurse educa\u021bionale \u0219i materiale didactice destinate at\u00e2t profesorilor c\u00e2t \u0219i elevilor. Perspectiva profesional\u0103 oferit\u0103 de Aniella \u00eentr-un mod at\u00e2t de cordial reflect\u0103 rigurozitatea \u0219i integritatea celor de la Cambridge, calit\u0103\u021bi mereu dublate de pasiune \u0219i dedica\u021bie pentru cultivarea performan\u021bei.[\/vc_column_text][vc_column_text]<img loading=\"lazy\" decoding=\"async\" class=\"alignright wp-image-17526 size-medium\" src=\"https:\/\/eurolingva.ro\/wp-content\/uploads\/2024\/10\/IMG_0728-1024px-300x200.jpg\" alt=\"IMG_0728 1024px\" width=\"300\" height=\"200\" srcset=\"https:\/\/eurolingva.ro\/wp-content\/uploads\/2024\/10\/IMG_0728-1024px-300x200.jpg 300w, https:\/\/eurolingva.ro\/wp-content\/uploads\/2024\/10\/IMG_0728-1024px-768x512.jpg 768w, https:\/\/eurolingva.ro\/wp-content\/uploads\/2024\/10\/IMG_0728-1024px-600x400.jpg 600w, https:\/\/eurolingva.ro\/wp-content\/uploads\/2024\/10\/IMG_0728-1024px.jpg 1024w\" sizes=\"auto, (max-width: 300px) 100vw, 300px\" \/>Un alt moment important al conferin\u021bei a fost marcat de prelegerea lui Tom O&#8217;Reilly. Tom este fondatorul Prosperity Education, o editur\u0103 de ni\u0219\u0103 din Cambridge, specializat\u0103 pe resurse educa\u021bionale pentru examenele de limb\u0103 englez\u0103. Prezentarea lui Tom s-a concentrat, pe de o parte, pe caracteristicile distinctive ale resurselor educa\u021bionale tip\u0103rite pe care Prosperity Education le ofer\u0103 celor care \u00ee\u0219i doresc s\u0103 promoveze cu succes un examen de limba englez\u0103. Cu un interes aparte au fost receptate informa\u021biile despre o nou\u0103 platform\u0103 digitala conceput\u0103 fie pentru a monitoriza progresul lingvistic al unui cursant pe parcursul unei perioade determinate, fie pentru a simula un examen Cambridge \u00een condi\u021bii c\u00e2t mai asem\u0103n\u0103toare cu cele ale unui examen real. Mai mult, aceast\u0103 platform\u0103 inovativ\u0103 a fost proiectat\u0103 \u00een colaborare cu centrul nostru, Eurolingva, \u0219i g\u00e2ndit\u0103 astfel \u00eenc\u00e2t s\u0103 se plieze perfect pe nevoile \u0219i particularit\u0103\u021bile cursan\u021bilor din Rom\u00e2nia.[\/vc_column_text][vc_column_text]Prelegerile din prima zi a conferin\u021bei s-au \u00eencheiat cu o alt\u0103 prezen\u021b\u0103 carismatic\u0103, Nadia Theochari, invitat\u0103 s\u0103 vorbeasc\u0103 \u00een calitate de lector afiliat \u0219i consultant al editurii MM Publications. Cu subiectul ales, \u201eTech meets Teach: Inteligen\u021ba Artificial\u0103 \u00een Sala de Clas\u0103\u201d, precum \u0219i cu \u0219armul personal, Nadia a captat aten\u021bia audien\u021bei pe tot parcursul prezent\u0103rii ei. Dac\u0103 nu ne l\u0103s\u0103m intimida\u021bi de poten\u021bialul complex \u0219i uneori periculos al inteligen\u021bei artificiale, putem s\u0103 descoperim prin intergarea AI \u00een mediul de predare instrumente inovatoare care faciliteaz\u0103 \u00eenv\u0103\u021barea, personalizeaz\u0103 experien\u021bele educa\u021bionale \u0219i aduc o not\u0103 de creativitate neexplorat\u0103 p\u00e2n\u0103 \u00een prezent. Nadia ne-a oferit o lec\u021bie practic\u0103 de implementare a instrumentelor AI \u0219i ne-a demonstrat c\u0103 acestea pot \u00eentr-adev\u0103r s\u0103 transforme actul educa\u021bional \u00eentr-un proces dinamic, creativ \u0219i eficient.[\/vc_column_text][vc_column_text]<img loading=\"lazy\" decoding=\"async\" class=\"alignleft wp-image-17524 size-medium\" src=\"https:\/\/eurolingva.ro\/wp-content\/uploads\/2024\/10\/IMG_0926-1024px-300x200.jpg\" alt=\"IMG_0926 1024px\" width=\"300\" height=\"200\" srcset=\"https:\/\/eurolingva.ro\/wp-content\/uploads\/2024\/10\/IMG_0926-1024px-300x200.jpg 300w, https:\/\/eurolingva.ro\/wp-content\/uploads\/2024\/10\/IMG_0926-1024px-768x512.jpg 768w, https:\/\/eurolingva.ro\/wp-content\/uploads\/2024\/10\/IMG_0926-1024px-600x400.jpg 600w, https:\/\/eurolingva.ro\/wp-content\/uploads\/2024\/10\/IMG_0926-1024px.jpg 1024w\" sizes=\"auto, (max-width: 300px) 100vw, 300px\" \/>La final, dup\u0103 o zi marcat\u0103 de prelegeri \u0219i discu\u021bii interesante, a urmat o prezentare care ne-a introdus \u00eentr-o atmosfer\u0103 de vacan\u021b\u0103. Damian Claudiu, managerul International Summer Schools Education (ISS EDU), unul dintre cele mai apreciate centre de organizare a taberelor educa\u021bionale nu doar \u00een Regatul Unit, ci \u00een toat\u0103 lumea, ne-a vorbit despre \u0219colile de var\u0103 pe care le organizeaz\u0103 de mai bine de 10 ani, eviden\u021biind rolul educa\u021biei non-formale \u00een modelarea armonioas\u0103 a min\u021bii \u0219i a personalit\u0103\u021bii copiilor. \u021ain\u00e2nd cont de faptul c\u0103 taberele organizate de ISS EDU se adreseaz\u0103 copiilor cu v\u00e2rsta cuprins\u0103 \u00eentre 3 \u0219i 77 de ani, ne g\u00e2ndim c\u0103 ar fi mare p\u0103cat \u0219i pentru noi, profesorii, s\u0103 rat\u0103m o experien\u021b\u0103 cu adev\u0103rat unic\u0103 \u0219i plenar\u0103, o experien\u021b\u0103 care \u00eembin\u0103 at\u00e2t de frumos \u00eenv\u0103\u021barea cu pl\u0103cerea.[\/vc_column_text][vc_column_text]Ziua s-a \u00eencheiat cu o scurt\u0103 plimbare, urmat\u0103 de o cin\u0103 \u00eentr-un local special din frumoasa cetate a ora\u0219ului nostru. Astfel, am avut privilegiul s\u0103 \u00eei cuno\u0219tem mai bine pe oamenii din spatele lectorilor, s\u0103 r\u00e2dem \u00eempreun\u0103 \u0219i s\u0103 ne bucur\u0103m de prezen\u021ba colegilor \u0219i a prietenilor din toat\u0103 \u021bara.[\/vc_column_text][vc_column_text]<img loading=\"lazy\" decoding=\"async\" class=\"alignleft wp-image-17530 size-medium\" src=\"https:\/\/eurolingva.ro\/wp-content\/uploads\/2024\/10\/IMG_0744-1024px-300x200.jpg\" alt=\"IMG_0744 1024px\" width=\"300\" height=\"200\" srcset=\"https:\/\/eurolingva.ro\/wp-content\/uploads\/2024\/10\/IMG_0744-1024px-300x200.jpg 300w, https:\/\/eurolingva.ro\/wp-content\/uploads\/2024\/10\/IMG_0744-1024px-768x512.jpg 768w, https:\/\/eurolingva.ro\/wp-content\/uploads\/2024\/10\/IMG_0744-1024px-600x400.jpg 600w, https:\/\/eurolingva.ro\/wp-content\/uploads\/2024\/10\/IMG_0744-1024px.jpg 1024w\" sizes=\"auto, (max-width: 300px) 100vw, 300px\" \/>Cea de-a doua zi a conferin\u021bei a venit ca o urmare fireasc\u0103 a primei zile, \u00een special pentru cei care \u0219i-au dorit s\u0103 aprofundeze o parte dintre subiectele discutate \u00een prima zi. Formatori experimenta\u021bi precum Margaret Cooze, Nadia Theochari \u0219i Stefania Ballotto au sus\u021binut ateliere practice cu un numar limitat de participan\u021bi. Temele tutorialelor au fost legate de abilit\u0103\u021bile de scriere \u0219i de predare a vocabularului. Dup\u0103 reac\u021biile participan\u021bilor, am \u00een\u021beles c\u0103 fiecare experien\u021b\u0103 \u00een parte i-a \u00eembog\u0103\u021bit nu doar din punct de vedere profesional, ci \u0219i din punct de vedere personal. Nu \u00eent\u00e2lnim \u00een fiecare zi oameni care s\u0103 lucreze sau s\u0103 fi lucrat \u00eendeaproape cu institu\u021bii prestigioase precum Cambridge, Pilgrims sau MM Publications![\/vc_column_text][vc_column_text]Conferin\u021ba de anul acesta a fost a\u0219adar o experien\u021b\u0103 deosebit de valoroas\u0103, oferindu-ne instrumente concrete \u0219i idei pentru a ne \u00eembun\u0103t\u0103\u021bi practica didactic\u0103, dar \u0219i pentru a face fa\u021b\u0103 provoc\u0103rilor nea\u0219teptate pe care nu putem s\u0103 le evit\u0103m. Am cunoscut oameni noi \u0219i am creat, sper\u0103m noi, leg\u0103turi trainice. Toate acestea ne fac s\u0103 a\u0219tept\u0103m cu ner\u0103bdare edi\u021biile viitoare![\/vc_column_text][\/vc_column_inner][\/vc_row_inner][\/vc_column][\/vc_row]<\/p>\n","protected":false},"excerpt":{"rendered":"<p>[vc_row full_width=&#8221;stretch_row&#8221; css=&#8221;.vc_custom_1565078153627{background-color: #f1f1f1 !important;}&#8221;][vc_column css=&#8221;.vc_custom_1547458347958{padding-top: 0px !important;}&#8221;][vc_row_inner el_class=&#8221;inner-wrap&#8221;][vc_column_inner css=&#8221;.vc_custom_1547458132343{padding-top: 10px !important;padding-bottom: 10px !important;}&#8221;][vc_column_text css=&#8221;.vc_custom_1547731042500{margin-bottom: 0px !important;}&#8221; el_class=&#8221;breadcrumb&#8221;]Home \/ [\/vc_column_text][\/vc_column_inner][\/vc_row_inner][\/vc_column][\/vc_row][vc_row full_width=&#8221;stretch_row&#8221; css=&#8221;.vc_custom_1566392016419{background-image: url(https:\/\/eurolingva.ro\/wp-content\/uploads\/2019\/08\/HeadeiImage_Noutati.jpg?id=4010) !important;background-position: center !important;background-repeat: no-repeat !important;background-size: cover !important;}&#8221; el_class=&#8221;hero-inner-pages&#8221;][vc_column css=&#8221;.vc_custom_1547458410996{padding-top: 0px !important;}&#8221;][vc_row_inner content_placement=&#8221;middle&#8221; el_class=&#8221;inner-wrap&#8221;][vc_column_inner el_class=&#8221;inner-wrap&#8221; css=&#8221;.vc_custom_1547458270437{padding-top: 110px !important;padding-bottom: 110px !important;}&#8221;][vc_column_text css=&#8221;.vc_custom_1662031068023{margin-bottom: 0px !important;padding-bottom: 15px !important;}&#8221;] News and events Eurolingva Examinations Centre [\/vc_column_text][\/vc_column_inner][\/vc_row_inner][\/vc_column][\/vc_row][vc_row][vc_column css=&#8221;.vc_custom_1547459569355{padding-top: &hellip; <\/p>\n<p class=\"link-more\"><a href=\"https:\/\/eurolingva.ro\/en\/conferinta-ro-hu-21-22-septembrie-2024\/\" class=\"more-link\">Continue reading<span class=\"screen-reader-text\"> &#8220;Conferin\u021ba Ro-HU | 21-22 Septembrie 2024&#8221;<\/span><\/a><\/p>\n","protected":false},"author":1,"featured_media":0,"comment_status":"closed","ping_status":"closed","sticky":false,"template":"","format":"standard","meta":{"footnotes":""},"categories":[318],"tags":[],"class_list":["post-17537","post","type-post","status-publish","format-standard","hentry","category-uncategorized"],"yoast_head":"<!-- This site is optimized with the Yoast SEO plugin v27.4 - https:\/\/yoast.com\/product\/yoast-seo-wordpress\/ -->\n<title>Conferin\u021ba Ro-HU | 21-22 Septembrie 2024 - Eurolingva Examinations Centre<\/title>\n<meta name=\"description\" content=\"Conferin\u021ba Ro-HU | 21-22 Septembrie 2024 - Eurolingva Examinations Centre\" \/>\n<meta name=\"robots\" content=\"index, follow, max-snippet:-1, max-image-preview:large, max-video-preview:-1\" \/>\n<link rel=\"canonical\" href=\"https:\/\/eurolingva.ro\/en\/conferinta-ro-hu-21-22-septembrie-2024\/\" \/>\n<meta property=\"og:locale\" content=\"en_US\" \/>\n<meta property=\"og:type\" content=\"article\" \/>\n<meta property=\"og:title\" content=\"Conferin\u021ba Ro-HU | 21-22 Septembrie 2024 - Eurolingva Examinations Centre\" \/>\n<meta property=\"og:description\" content=\"Conferin\u021ba Ro-HU | 21-22 Septembrie 2024 - Eurolingva Examinations Centre\" \/>\n<meta property=\"og:url\" content=\"https:\/\/eurolingva.ro\/en\/conferinta-ro-hu-21-22-septembrie-2024\/\" \/>\n<meta property=\"og:site_name\" content=\"Eurolingva Examinations Centre\" \/>\n<meta property=\"article:publisher\" content=\"https:\/\/www.facebook.com\/eurolingva\" \/>\n<meta property=\"article:published_time\" content=\"2024-10-30T14:26:55+00:00\" \/>\n<meta property=\"article:modified_time\" content=\"2024-10-31T07:49:31+00:00\" \/>\n<meta property=\"og:image\" content=\"https:\/\/eurolingva.ro\/wp-content\/uploads\/2024\/10\/IMG_0740-1024px-300x200.jpg\" \/>\n<meta name=\"author\" content=\"euro_admin\" \/>\n<meta name=\"twitter:card\" content=\"summary_large_image\" \/>\n<meta name=\"twitter:label1\" content=\"Written by\" \/>\n\t<meta name=\"twitter:data1\" content=\"euro_admin\" \/>\n\t<meta name=\"twitter:label2\" content=\"Est. reading time\" \/>\n\t<meta name=\"twitter:data2\" content=\"8 minutes\" \/>\n<script type=\"application\/ld+json\" class=\"yoast-schema-graph\">{\"@context\":\"https:\\\/\\\/schema.org\",\"@graph\":[{\"@type\":\"Article\",\"@id\":\"https:\\\/\\\/eurolingva.ro\\\/en\\\/conferinta-ro-hu-21-22-septembrie-2024\\\/#article\",\"isPartOf\":{\"@id\":\"https:\\\/\\\/eurolingva.ro\\\/en\\\/conferinta-ro-hu-21-22-septembrie-2024\\\/\"},\"author\":{\"name\":\"euro_admin\",\"@id\":\"https:\\\/\\\/eurolingva.ro\\\/en\\\/#\\\/schema\\\/person\\\/c478c8f019dd42d1249b4e323b9ca59a\"},\"headline\":\"Conferin\u021ba Ro-HU | 21-22 Septembrie 2024\",\"datePublished\":\"2024-10-30T14:26:55+00:00\",\"dateModified\":\"2024-10-31T07:49:31+00:00\",\"mainEntityOfPage\":{\"@id\":\"https:\\\/\\\/eurolingva.ro\\\/en\\\/conferinta-ro-hu-21-22-septembrie-2024\\\/\"},\"wordCount\":1690,\"publisher\":{\"@id\":\"https:\\\/\\\/eurolingva.ro\\\/en\\\/#organization\"},\"image\":{\"@id\":\"https:\\\/\\\/eurolingva.ro\\\/en\\\/conferinta-ro-hu-21-22-septembrie-2024\\\/#primaryimage\"},\"thumbnailUrl\":\"https:\\\/\\\/eurolingva.ro\\\/wp-content\\\/uploads\\\/2024\\\/10\\\/IMG_0740-1024px-300x200.jpg\",\"inLanguage\":\"en-US\"},{\"@type\":\"WebPage\",\"@id\":\"https:\\\/\\\/eurolingva.ro\\\/en\\\/conferinta-ro-hu-21-22-septembrie-2024\\\/\",\"url\":\"https:\\\/\\\/eurolingva.ro\\\/en\\\/conferinta-ro-hu-21-22-septembrie-2024\\\/\",\"name\":\"Conferin\u021ba Ro-HU | 21-22 Septembrie 2024 - Eurolingva Examinations Centre\",\"isPartOf\":{\"@id\":\"https:\\\/\\\/eurolingva.ro\\\/en\\\/#website\"},\"primaryImageOfPage\":{\"@id\":\"https:\\\/\\\/eurolingva.ro\\\/en\\\/conferinta-ro-hu-21-22-septembrie-2024\\\/#primaryimage\"},\"image\":{\"@id\":\"https:\\\/\\\/eurolingva.ro\\\/en\\\/conferinta-ro-hu-21-22-septembrie-2024\\\/#primaryimage\"},\"thumbnailUrl\":\"https:\\\/\\\/eurolingva.ro\\\/wp-content\\\/uploads\\\/2024\\\/10\\\/IMG_0740-1024px-300x200.jpg\",\"datePublished\":\"2024-10-30T14:26:55+00:00\",\"dateModified\":\"2024-10-31T07:49:31+00:00\",\"description\":\"Conferin\u021ba Ro-HU | 21-22 Septembrie 2024 - Eurolingva Examinations Centre\",\"breadcrumb\":{\"@id\":\"https:\\\/\\\/eurolingva.ro\\\/en\\\/conferinta-ro-hu-21-22-septembrie-2024\\\/#breadcrumb\"},\"inLanguage\":\"en-US\",\"potentialAction\":[{\"@type\":\"ReadAction\",\"target\":[\"https:\\\/\\\/eurolingva.ro\\\/en\\\/conferinta-ro-hu-21-22-septembrie-2024\\\/\"]}]},{\"@type\":\"ImageObject\",\"inLanguage\":\"en-US\",\"@id\":\"https:\\\/\\\/eurolingva.ro\\\/en\\\/conferinta-ro-hu-21-22-septembrie-2024\\\/#primaryimage\",\"url\":\"https:\\\/\\\/eurolingva.ro\\\/wp-content\\\/uploads\\\/2024\\\/10\\\/IMG_0740-1024px-300x200.jpg\",\"contentUrl\":\"https:\\\/\\\/eurolingva.ro\\\/wp-content\\\/uploads\\\/2024\\\/10\\\/IMG_0740-1024px-300x200.jpg\"},{\"@type\":\"BreadcrumbList\",\"@id\":\"https:\\\/\\\/eurolingva.ro\\\/en\\\/conferinta-ro-hu-21-22-septembrie-2024\\\/#breadcrumb\",\"itemListElement\":[{\"@type\":\"ListItem\",\"position\":1,\"name\":\"Prima pagin\u0103\",\"item\":\"https:\\\/\\\/eurolingva.ro\\\/en\\\/\"},{\"@type\":\"ListItem\",\"position\":2,\"name\":\"Conferin\u021ba Ro-HU | 21-22 Septembrie 2024\"}]},{\"@type\":\"WebSite\",\"@id\":\"https:\\\/\\\/eurolingva.ro\\\/en\\\/#website\",\"url\":\"https:\\\/\\\/eurolingva.ro\\\/en\\\/\",\"name\":\"Eurolingva Examinations Centre\",\"description\":\"Examene Cambridge si materiale pregatire Cambridge\",\"publisher\":{\"@id\":\"https:\\\/\\\/eurolingva.ro\\\/en\\\/#organization\"},\"potentialAction\":[{\"@type\":\"SearchAction\",\"target\":{\"@type\":\"EntryPoint\",\"urlTemplate\":\"https:\\\/\\\/eurolingva.ro\\\/en\\\/?s={search_term_string}\"},\"query-input\":{\"@type\":\"PropertyValueSpecification\",\"valueRequired\":true,\"valueName\":\"search_term_string\"}}],\"inLanguage\":\"en-US\"},{\"@type\":\"Organization\",\"@id\":\"https:\\\/\\\/eurolingva.ro\\\/en\\\/#organization\",\"name\":\"Eurolingva Examinations Centre\",\"url\":\"https:\\\/\\\/eurolingva.ro\\\/en\\\/\",\"logo\":{\"@type\":\"ImageObject\",\"inLanguage\":\"en-US\",\"@id\":\"https:\\\/\\\/eurolingva.ro\\\/en\\\/#\\\/schema\\\/logo\\\/image\\\/\",\"url\":\"https:\\\/\\\/eurolingva.ro\\\/wp-content\\\/uploads\\\/2025\\\/05\\\/logo_eurolingva.webp\",\"contentUrl\":\"https:\\\/\\\/eurolingva.ro\\\/wp-content\\\/uploads\\\/2025\\\/05\\\/logo_eurolingva.webp\",\"width\":645,\"height\":250,\"caption\":\"Eurolingva Examinations Centre\"},\"image\":{\"@id\":\"https:\\\/\\\/eurolingva.ro\\\/en\\\/#\\\/schema\\\/logo\\\/image\\\/\"},\"sameAs\":[\"https:\\\/\\\/www.facebook.com\\\/eurolingva\",\"https:\\\/\\\/www.youtube.com\\\/channel\\\/UCBj1SS53CIE15FyXHl0SqHQ?view_as=subscriber\"]},{\"@type\":\"Person\",\"@id\":\"https:\\\/\\\/eurolingva.ro\\\/en\\\/#\\\/schema\\\/person\\\/c478c8f019dd42d1249b4e323b9ca59a\",\"name\":\"euro_admin\",\"image\":{\"@type\":\"ImageObject\",\"inLanguage\":\"en-US\",\"@id\":\"https:\\\/\\\/secure.gravatar.com\\\/avatar\\\/a58fddb18e228045546b9e417d0fb2b81990abf5e21408807265c5ce1433ffba?s=96&d=mm&r=g\",\"url\":\"https:\\\/\\\/secure.gravatar.com\\\/avatar\\\/a58fddb18e228045546b9e417d0fb2b81990abf5e21408807265c5ce1433ffba?s=96&d=mm&r=g\",\"contentUrl\":\"https:\\\/\\\/secure.gravatar.com\\\/avatar\\\/a58fddb18e228045546b9e417d0fb2b81990abf5e21408807265c5ce1433ffba?s=96&d=mm&r=g\",\"caption\":\"euro_admin\"},\"url\":\"https:\\\/\\\/eurolingva.ro\\\/en\\\/author\\\/euro_admin\\\/\"}]}<\/script>\n<!-- \/ Yoast SEO plugin. -->","yoast_head_json":{"title":"Conferin\u021ba Ro-HU | 21-22 Septembrie 2024 - Eurolingva Examinations Centre","description":"Conferin\u021ba Ro-HU | 21-22 Septembrie 2024 - Eurolingva Examinations Centre","robots":{"index":"index","follow":"follow","max-snippet":"max-snippet:-1","max-image-preview":"max-image-preview:large","max-video-preview":"max-video-preview:-1"},"canonical":"https:\/\/eurolingva.ro\/en\/conferinta-ro-hu-21-22-septembrie-2024\/","og_locale":"en_US","og_type":"article","og_title":"Conferin\u021ba Ro-HU | 21-22 Septembrie 2024 - Eurolingva Examinations Centre","og_description":"Conferin\u021ba Ro-HU | 21-22 Septembrie 2024 - Eurolingva Examinations Centre","og_url":"https:\/\/eurolingva.ro\/en\/conferinta-ro-hu-21-22-septembrie-2024\/","og_site_name":"Eurolingva Examinations Centre","article_publisher":"https:\/\/www.facebook.com\/eurolingva","article_published_time":"2024-10-30T14:26:55+00:00","article_modified_time":"2024-10-31T07:49:31+00:00","og_image":[{"url":"https:\/\/eurolingva.ro\/wp-content\/uploads\/2024\/10\/IMG_0740-1024px-300x200.jpg","type":"","width":"","height":""}],"author":"euro_admin","twitter_card":"summary_large_image","twitter_misc":{"Written by":"euro_admin","Est. reading time":"8 minutes"},"schema":{"@context":"https:\/\/schema.org","@graph":[{"@type":"Article","@id":"https:\/\/eurolingva.ro\/en\/conferinta-ro-hu-21-22-septembrie-2024\/#article","isPartOf":{"@id":"https:\/\/eurolingva.ro\/en\/conferinta-ro-hu-21-22-septembrie-2024\/"},"author":{"name":"euro_admin","@id":"https:\/\/eurolingva.ro\/en\/#\/schema\/person\/c478c8f019dd42d1249b4e323b9ca59a"},"headline":"Conferin\u021ba Ro-HU | 21-22 Septembrie 2024","datePublished":"2024-10-30T14:26:55+00:00","dateModified":"2024-10-31T07:49:31+00:00","mainEntityOfPage":{"@id":"https:\/\/eurolingva.ro\/en\/conferinta-ro-hu-21-22-septembrie-2024\/"},"wordCount":1690,"publisher":{"@id":"https:\/\/eurolingva.ro\/en\/#organization"},"image":{"@id":"https:\/\/eurolingva.ro\/en\/conferinta-ro-hu-21-22-septembrie-2024\/#primaryimage"},"thumbnailUrl":"https:\/\/eurolingva.ro\/wp-content\/uploads\/2024\/10\/IMG_0740-1024px-300x200.jpg","inLanguage":"en-US"},{"@type":"WebPage","@id":"https:\/\/eurolingva.ro\/en\/conferinta-ro-hu-21-22-septembrie-2024\/","url":"https:\/\/eurolingva.ro\/en\/conferinta-ro-hu-21-22-septembrie-2024\/","name":"Conferin\u021ba Ro-HU | 21-22 Septembrie 2024 - Eurolingva Examinations Centre","isPartOf":{"@id":"https:\/\/eurolingva.ro\/en\/#website"},"primaryImageOfPage":{"@id":"https:\/\/eurolingva.ro\/en\/conferinta-ro-hu-21-22-septembrie-2024\/#primaryimage"},"image":{"@id":"https:\/\/eurolingva.ro\/en\/conferinta-ro-hu-21-22-septembrie-2024\/#primaryimage"},"thumbnailUrl":"https:\/\/eurolingva.ro\/wp-content\/uploads\/2024\/10\/IMG_0740-1024px-300x200.jpg","datePublished":"2024-10-30T14:26:55+00:00","dateModified":"2024-10-31T07:49:31+00:00","description":"Conferin\u021ba Ro-HU | 21-22 Septembrie 2024 - Eurolingva Examinations Centre","breadcrumb":{"@id":"https:\/\/eurolingva.ro\/en\/conferinta-ro-hu-21-22-septembrie-2024\/#breadcrumb"},"inLanguage":"en-US","potentialAction":[{"@type":"ReadAction","target":["https:\/\/eurolingva.ro\/en\/conferinta-ro-hu-21-22-septembrie-2024\/"]}]},{"@type":"ImageObject","inLanguage":"en-US","@id":"https:\/\/eurolingva.ro\/en\/conferinta-ro-hu-21-22-septembrie-2024\/#primaryimage","url":"https:\/\/eurolingva.ro\/wp-content\/uploads\/2024\/10\/IMG_0740-1024px-300x200.jpg","contentUrl":"https:\/\/eurolingva.ro\/wp-content\/uploads\/2024\/10\/IMG_0740-1024px-300x200.jpg"},{"@type":"BreadcrumbList","@id":"https:\/\/eurolingva.ro\/en\/conferinta-ro-hu-21-22-septembrie-2024\/#breadcrumb","itemListElement":[{"@type":"ListItem","position":1,"name":"Prima pagin\u0103","item":"https:\/\/eurolingva.ro\/en\/"},{"@type":"ListItem","position":2,"name":"Conferin\u021ba Ro-HU | 21-22 Septembrie 2024"}]},{"@type":"WebSite","@id":"https:\/\/eurolingva.ro\/en\/#website","url":"https:\/\/eurolingva.ro\/en\/","name":"Eurolingva Examinations Centre","description":"Examene Cambridge si materiale pregatire Cambridge","publisher":{"@id":"https:\/\/eurolingva.ro\/en\/#organization"},"potentialAction":[{"@type":"SearchAction","target":{"@type":"EntryPoint","urlTemplate":"https:\/\/eurolingva.ro\/en\/?s={search_term_string}"},"query-input":{"@type":"PropertyValueSpecification","valueRequired":true,"valueName":"search_term_string"}}],"inLanguage":"en-US"},{"@type":"Organization","@id":"https:\/\/eurolingva.ro\/en\/#organization","name":"Eurolingva Examinations Centre","url":"https:\/\/eurolingva.ro\/en\/","logo":{"@type":"ImageObject","inLanguage":"en-US","@id":"https:\/\/eurolingva.ro\/en\/#\/schema\/logo\/image\/","url":"https:\/\/eurolingva.ro\/wp-content\/uploads\/2025\/05\/logo_eurolingva.webp","contentUrl":"https:\/\/eurolingva.ro\/wp-content\/uploads\/2025\/05\/logo_eurolingva.webp","width":645,"height":250,"caption":"Eurolingva Examinations Centre"},"image":{"@id":"https:\/\/eurolingva.ro\/en\/#\/schema\/logo\/image\/"},"sameAs":["https:\/\/www.facebook.com\/eurolingva","https:\/\/www.youtube.com\/channel\/UCBj1SS53CIE15FyXHl0SqHQ?view_as=subscriber"]},{"@type":"Person","@id":"https:\/\/eurolingva.ro\/en\/#\/schema\/person\/c478c8f019dd42d1249b4e323b9ca59a","name":"euro_admin","image":{"@type":"ImageObject","inLanguage":"en-US","@id":"https:\/\/secure.gravatar.com\/avatar\/a58fddb18e228045546b9e417d0fb2b81990abf5e21408807265c5ce1433ffba?s=96&d=mm&r=g","url":"https:\/\/secure.gravatar.com\/avatar\/a58fddb18e228045546b9e417d0fb2b81990abf5e21408807265c5ce1433ffba?s=96&d=mm&r=g","contentUrl":"https:\/\/secure.gravatar.com\/avatar\/a58fddb18e228045546b9e417d0fb2b81990abf5e21408807265c5ce1433ffba?s=96&d=mm&r=g","caption":"euro_admin"},"url":"https:\/\/eurolingva.ro\/en\/author\/euro_admin\/"}]}},"_links":{"self":[{"href":"https:\/\/eurolingva.ro\/en\/wp-json\/wp\/v2\/posts\/17537","targetHints":{"allow":["GET"]}}],"collection":[{"href":"https:\/\/eurolingva.ro\/en\/wp-json\/wp\/v2\/posts"}],"about":[{"href":"https:\/\/eurolingva.ro\/en\/wp-json\/wp\/v2\/types\/post"}],"author":[{"embeddable":true,"href":"https:\/\/eurolingva.ro\/en\/wp-json\/wp\/v2\/users\/1"}],"replies":[{"embeddable":true,"href":"https:\/\/eurolingva.ro\/en\/wp-json\/wp\/v2\/comments?post=17537"}],"version-history":[{"count":0,"href":"https:\/\/eurolingva.ro\/en\/wp-json\/wp\/v2\/posts\/17537\/revisions"}],"wp:attachment":[{"href":"https:\/\/eurolingva.ro\/en\/wp-json\/wp\/v2\/media?parent=17537"}],"wp:term":[{"taxonomy":"category","embeddable":true,"href":"https:\/\/eurolingva.ro\/en\/wp-json\/wp\/v2\/categories?post=17537"},{"taxonomy":"post_tag","embeddable":true,"href":"https:\/\/eurolingva.ro\/en\/wp-json\/wp\/v2\/tags?post=17537"}],"curies":[{"name":"wp","href":"https:\/\/api.w.org\/{rel}","templated":true}]}}